{"id":1561,"date":"2017-06-11T21:01:46","date_gmt":"2017-06-11T19:01:46","guid":{"rendered":"http:\/\/skibeck.cz\/?p=1561"},"modified":"2017-06-15T17:24:11","modified_gmt":"2017-06-15T15:24:11","slug":"cyklisticky-vikend-pec-p-snezkou-hnedy-vrch","status":"publish","type":"post","link":"https:\/\/skibeck.cz\/?p=1561","title":{"rendered":"Cyklistick\u00fd v\u00edkend s NF Avast &#8211; Pec p. Sne\u017ekou &#8211; Hn\u011bd\u00fd Vrch"},"content":{"rendered":"<p>Se\u0161li jsme se v po\u010dtu 14 osob: Beckovi, Vl\u00e1\u010fa Nevrkla s M\u00e1\u0165ou, Petr Tu\u010dek s Eli\u0161kou, Petr Janiska s kamar\u00e1dem Fandou, Martin a M\u00ed\u0161a Valentovi s mal\u00fdm Mart\u00ednkem, Roman s Eli\u0161kou a Jana Hor\u00e1lkova s dcerou a vnou\u010dkem. Bydleli jsme klasicky U Lakom\u00e9 Barky.<\/p>\n<p>Ze sobotn\u00edho celodenn\u00edho v\u00fdletu byl nejkr\u00e1sn\u011bj\u0161\u00ed za\u010d\u00e1tek &#8211; jeli jsme 7 km z kopce do Horn\u00edho Mar\u0161ova. Tam jsme zabo\u010dili doprava a pomalu stoupali sm\u011br&nbsp;Pece pod Sn\u011b\u017ekou. Projeli jsme Temn\u00fdm Dolem, slunce n\u00e1m za\u010dalo sv\u00edtit do zad a v\u00e1l pom\u011brn\u011b siln\u00fd protiv\u00edtr. V Peci jsme se zastavili v Hotelu M\u00e1j na chmelov\u00fd d\u017eus a nau\u010dili obsluhu zach\u00e1zet s EET. Byli n\u00e1m velmi vd\u011b\u010dn\u00ed. Pot\u00e9 jsme zam\u00ed\u0159ili k lanovce na Hn\u011bd\u00fd Vrch a nechali se vyv\u00e9zt i s koly.<\/p>\n<p>Naho\u0159e jsme pokra\u010dovali kolem Lesn\u00ed Boudy sm\u011brem na Kol\u00ednskou Boudu. Pokochali jsme se n\u00e1dhern\u00fdmi v\u00fdhledy na Sn\u011b\u017eku, Studni\u010dn\u00ed horu a p\u0159ilehl\u00e1 udol\u00ed. Vid\u011bt krkono\u0161sk\u00e9 jarn\u00ed louky v pln\u00e9m kv\u011btu stoj\u00ed za tu n\u00e1mahu. Je to pastva nejen pro zrak, ale i pro \u010dich.<\/p>\n<p>Po men\u0161\u00edm ob\u011bd\u011b na boud\u011b Krakono\u0161 p\u0159i\u0161el \u010das na n\u00e1vrat do \u00fadol\u00ed. Sjeli jsme po sjezdovce Zahr\u00e1dky, za restaurac\u00ed Corzo zahnuli vlevo a za\u010dali stoupat na Port\u00e1\u0161ky. Minuli jsme boudu Jana a sjeli kr\u00e1sn\u00fdm sjezdem do Sp\u00e1len\u00e9ho Ml\u00fdna. Odtud jsme vystoupali po \u017elut\u00e9 do Mal\u00e9 \u00dapy, kde jsme se rozd\u011blili. T\u0159i z n\u00e1s se rozhodli tla\u010dit kolo zkratkou, co\u017e byla velmi &#8222;v\u00fd\u017eivn\u00e1&#8220; pas\u00e1\u017e. Zbytek se vydal b\u011b\u017enou&nbsp;trasou po silnici. V\u0161ichni jsme se se\u0161li na rozcest\u00ed Cestn\u00edk. Odtud u\u017e jsme byli zp\u00e1tky u Lakom\u00e9 Barky cobydup.<\/p>\n<p>V noh\u00e1ch 42.5 km.<\/p>\n<p><!-- index.php -->\n<div\n\tclass=\"ngg-galleryoverview\"\n\tid=\"ngg-gallery-1582-1\">\n\n    \t<div class=\"slideshowlink\">\n        <a href='https:\/\/skibeck.cz\/index.php\/nggallery\/slideshow?p=1561'>[Show as slideshow]<\/a>\n\t\t\n\t<\/div>\n\t\t\t<!-- Thumbnails -->\n\t\t\t\t<div id=\"ngg-image-0\" class=\"ngg-gallery-thumbnail-box\" >\n\t\t\t\t        <div class=\"ngg-gallery-thumbnail\">\n            <a href=\"https:\/\/skibeck.cz\/wp-content\/gallery\/cyklovikend-u-lakome-barky-9-11-6-2017\/DSC_0485.JPG\"\n               title=\"\"\n               data-src=\"https:\/\/skibeck.cz\/wp-content\/gallery\/cyklovikend-u-lakome-barky-9-11-6-2017\/DSC_0485.JPG\"\n               data-thumbnail=\"https:\/\/skibeck.cz\/wp-content\/gallery\/cyklovikend-u-lakome-barky-9-11-6-2017\/thumbs\/thumbs_DSC_0485.JPG\"\n               data-image-id=\"923\"\n               data-title=\"DSC_0485\"\n               data-description=\"\"\n               data-image-slug=\"dsc_0485\"\n               class=\"shutterset_1582\">\n                <img\n                    title=\"DSC_0485\"\n                    alt=\"DSC_0485\"\n                    src=\"https:\/\/skibeck.cz\/wp-content\/gallery\/cyklovikend-u-lakome-barky-9-11-6-2017\/thumbs\/thumbs_DSC_0485.JPG\"\n                    width=\"100\"\n                    height=\"75\"\n                    style=\"max-width:100%;\"\n                \/>\n            <\/a>\n        <\/div>\n\t\t\t\t\t\t\t<\/div> \n\t\t\t\n        \n\t\t\t\t<div id=\"ngg-image-1\" class=\"ngg-gallery-thumbnail-box\" >\n\t\t\t\t        <div class=\"ngg-gallery-thumbnail\">\n            <a href=\"https:\/\/skibeck.cz\/wp-content\/gallery\/cyklovikend-u-lakome-barky-9-11-6-2017\/DSC_0487.JPG\"\n               title=\"\"\n               data-src=\"https:\/\/skibeck.cz\/wp-content\/gallery\/cyklovikend-u-lakome-barky-9-11-6-2017\/DSC_0487.JPG\"\n               data-thumbnail=\"https:\/\/skibeck.cz\/wp-content\/gallery\/cyklovikend-u-lakome-barky-9-11-6-2017\/thumbs\/thumbs_DSC_0487.JPG\"\n               data-image-id=\"924\"\n               data-title=\"DSC_0487\"\n               data-description=\"\"\n               data-image-slug=\"dsc_0487\"\n               class=\"shutterset_1582\">\n                <img\n                    title=\"DSC_0487\"\n                    alt=\"DSC_0487\"\n                    src=\"https:\/\/skibeck.cz\/wp-content\/gallery\/cyklovikend-u-lakome-barky-9-11-6-2017\/thumbs\/thumbs_DSC_0487.JPG\"\n                    width=\"100\"\n                    height=\"75\"\n                    style=\"max-width:100%;\"\n                \/>\n            <\/a>\n        <\/div>\n\t\t\t\t\t\t\t<\/div> \n\t\t\t\n        \n\t\t\t\t<div id=\"ngg-image-2\" class=\"ngg-gallery-thumbnail-box\" >\n\t\t\t\t        <div class=\"ngg-gallery-thumbnail\">\n            <a href=\"https:\/\/skibeck.cz\/wp-content\/gallery\/cyklovikend-u-lakome-barky-9-11-6-2017\/IMG_20170610_151005.jpg\"\n               title=\"\"\n               data-src=\"https:\/\/skibeck.cz\/wp-content\/gallery\/cyklovikend-u-lakome-barky-9-11-6-2017\/IMG_20170610_151005.jpg\"\n               data-thumbnail=\"https:\/\/skibeck.cz\/wp-content\/gallery\/cyklovikend-u-lakome-barky-9-11-6-2017\/thumbs\/thumbs_IMG_20170610_151005.jpg\"\n               data-image-id=\"927\"\n               data-title=\"mde\"\n               data-description=\"\"\n               data-image-slug=\"img_20170610_151005\"\n               class=\"shutterset_1582\">\n                <img\n                    title=\"mde\"\n                    alt=\"mde\"\n                    src=\"https:\/\/skibeck.cz\/wp-content\/gallery\/cyklovikend-u-lakome-barky-9-11-6-2017\/thumbs\/thumbs_IMG_20170610_151005.jpg\"\n                    width=\"100\"\n                    height=\"75\"\n                    style=\"max-width:100%;\"\n                \/>\n            <\/a>\n        <\/div>\n\t\t\t\t\t\t\t<\/div> \n\t\t\t\n        \n\t\t\t\t<div id=\"ngg-image-3\" class=\"ngg-gallery-thumbnail-box\" >\n\t\t\t\t        <div class=\"ngg-gallery-thumbnail\">\n            <a href=\"https:\/\/skibeck.cz\/wp-content\/gallery\/cyklovikend-u-lakome-barky-9-11-6-2017\/Screenshot_2017-06-10-22-09-34-739.jpg\"\n               title=\"\"\n               data-src=\"https:\/\/skibeck.cz\/wp-content\/gallery\/cyklovikend-u-lakome-barky-9-11-6-2017\/Screenshot_2017-06-10-22-09-34-739.jpg\"\n               data-thumbnail=\"https:\/\/skibeck.cz\/wp-content\/gallery\/cyklovikend-u-lakome-barky-9-11-6-2017\/thumbs\/thumbs_Screenshot_2017-06-10-22-09-34-739.jpg\"\n               data-image-id=\"928\"\n               data-title=\"Screenshot_2017-06-10-22-09-34-739\"\n               data-description=\"\"\n               data-image-slug=\"screenshot_2017-06-10-22-09-34-739\"\n               class=\"shutterset_1582\">\n                <img\n                    title=\"Screenshot_2017-06-10-22-09-34-739\"\n                    alt=\"Screenshot_2017-06-10-22-09-34-739\"\n                    src=\"https:\/\/skibeck.cz\/wp-content\/gallery\/cyklovikend-u-lakome-barky-9-11-6-2017\/thumbs\/thumbs_Screenshot_2017-06-10-22-09-34-739.jpg\"\n                    width=\"100\"\n                    height=\"75\"\n                    style=\"max-width:100%;\"\n                \/>\n            <\/a>\n        <\/div>\n\t\t\t\t\t\t\t<\/div> \n\t\t\t\n        \n\t\t\t\t<div id=\"ngg-image-4\" class=\"ngg-gallery-thumbnail-box\" >\n\t\t\t\t        <div class=\"ngg-gallery-thumbnail\">\n            <a href=\"https:\/\/skibeck.cz\/wp-content\/gallery\/cyklovikend-u-lakome-barky-9-11-6-2017\/trasa.jpg\"\n               title=\"\"\n               data-src=\"https:\/\/skibeck.cz\/wp-content\/gallery\/cyklovikend-u-lakome-barky-9-11-6-2017\/trasa.jpg\"\n               data-thumbnail=\"https:\/\/skibeck.cz\/wp-content\/gallery\/cyklovikend-u-lakome-barky-9-11-6-2017\/thumbs\/thumbs_trasa.jpg\"\n               data-image-id=\"929\"\n               data-title=\"trasa\"\n               data-description=\"\"\n               data-image-slug=\"trasa\"\n               class=\"shutterset_1582\">\n                <img\n                    title=\"trasa\"\n                    alt=\"trasa\"\n                    src=\"https:\/\/skibeck.cz\/wp-content\/gallery\/cyklovikend-u-lakome-barky-9-11-6-2017\/thumbs\/thumbs_trasa.jpg\"\n                    width=\"100\"\n                    height=\"75\"\n                    style=\"max-width:100%;\"\n                \/>\n            <\/a>\n        <\/div>\n\t\t\t\t\t\t\t<\/div> \n\t\t\t\n        \n\t\t\t\t<div id=\"ngg-image-5\" class=\"ngg-gallery-thumbnail-box\" >\n\t\t\t\t        <div class=\"ngg-gallery-thumbnail\">\n            <a href=\"https:\/\/skibeck.cz\/wp-content\/gallery\/cyklovikend-u-lakome-barky-9-11-6-2017\/IMG_20170610_144921.jpg\"\n               title=\"\"\n               data-src=\"https:\/\/skibeck.cz\/wp-content\/gallery\/cyklovikend-u-lakome-barky-9-11-6-2017\/IMG_20170610_144921.jpg\"\n               data-thumbnail=\"https:\/\/skibeck.cz\/wp-content\/gallery\/cyklovikend-u-lakome-barky-9-11-6-2017\/thumbs\/thumbs_IMG_20170610_144921.jpg\"\n               data-image-id=\"926\"\n               data-title=\"IMG_20170610_144921\"\n               data-description=\"\"\n               data-image-slug=\"img_20170610_144921\"\n               class=\"shutterset_1582\">\n                <img\n                    title=\"IMG_20170610_144921\"\n                    alt=\"IMG_20170610_144921\"\n                    src=\"https:\/\/skibeck.cz\/wp-content\/gallery\/cyklovikend-u-lakome-barky-9-11-6-2017\/thumbs\/thumbs_IMG_20170610_144921.jpg\"\n                    width=\"100\"\n                    height=\"75\"\n                    style=\"max-width:100%;\"\n                \/>\n            <\/a>\n        <\/div>\n\t\t\t\t\t\t\t<\/div> \n\t\t\t\n        \n\t\t\t\t<div id=\"ngg-image-6\" class=\"ngg-gallery-thumbnail-box\" >\n\t\t\t\t        <div class=\"ngg-gallery-thumbnail\">\n            <a href=\"https:\/\/skibeck.cz\/wp-content\/gallery\/cyklovikend-u-lakome-barky-9-11-6-2017\/DSC_0215.JPG\"\n               title=\"\"\n               data-src=\"https:\/\/skibeck.cz\/wp-content\/gallery\/cyklovikend-u-lakome-barky-9-11-6-2017\/DSC_0215.JPG\"\n               data-thumbnail=\"https:\/\/skibeck.cz\/wp-content\/gallery\/cyklovikend-u-lakome-barky-9-11-6-2017\/thumbs\/thumbs_DSC_0215.JPG\"\n               data-image-id=\"930\"\n               data-title=\"DSC_0215\"\n               data-description=\"\"\n               data-image-slug=\"dsc_0215-2\"\n               class=\"shutterset_1582\">\n                <img\n                    title=\"DSC_0215\"\n                    alt=\"DSC_0215\"\n                    src=\"https:\/\/skibeck.cz\/wp-content\/gallery\/cyklovikend-u-lakome-barky-9-11-6-2017\/thumbs\/thumbs_DSC_0215.JPG\"\n                    width=\"100\"\n                    height=\"75\"\n                    style=\"max-width:100%;\"\n                \/>\n            <\/a>\n        <\/div>\n\t\t\t\t\t\t\t<\/div> \n\t\t\t\n        \n\t\t\t\t<div id=\"ngg-image-7\" class=\"ngg-gallery-thumbnail-box\" >\n\t\t\t\t        <div class=\"ngg-gallery-thumbnail\">\n            <a href=\"https:\/\/skibeck.cz\/wp-content\/gallery\/cyklovikend-u-lakome-barky-9-11-6-2017\/DSC_0227.JPG\"\n               title=\"\"\n               data-src=\"https:\/\/skibeck.cz\/wp-content\/gallery\/cyklovikend-u-lakome-barky-9-11-6-2017\/DSC_0227.JPG\"\n               data-thumbnail=\"https:\/\/skibeck.cz\/wp-content\/gallery\/cyklovikend-u-lakome-barky-9-11-6-2017\/thumbs\/thumbs_DSC_0227.JPG\"\n               data-image-id=\"932\"\n               data-title=\"DSC_0227\"\n               data-description=\"\"\n               data-image-slug=\"dsc_0227\"\n               class=\"shutterset_1582\">\n                <img\n                    title=\"DSC_0227\"\n                    alt=\"DSC_0227\"\n                    src=\"https:\/\/skibeck.cz\/wp-content\/gallery\/cyklovikend-u-lakome-barky-9-11-6-2017\/thumbs\/thumbs_DSC_0227.JPG\"\n                    width=\"100\"\n                    height=\"75\"\n                    style=\"max-width:100%;\"\n                \/>\n            <\/a>\n        <\/div>\n\t\t\t\t\t\t\t<\/div> \n\t\t\t\n        \n\t\t\t\t<div id=\"ngg-image-8\" class=\"ngg-gallery-thumbnail-box\" >\n\t\t\t\t        <div class=\"ngg-gallery-thumbnail\">\n            <a href=\"https:\/\/skibeck.cz\/wp-content\/gallery\/cyklovikend-u-lakome-barky-9-11-6-2017\/DSC_0222-b.jpg\"\n               title=\"\"\n               data-src=\"https:\/\/skibeck.cz\/wp-content\/gallery\/cyklovikend-u-lakome-barky-9-11-6-2017\/DSC_0222-b.jpg\"\n               data-thumbnail=\"https:\/\/skibeck.cz\/wp-content\/gallery\/cyklovikend-u-lakome-barky-9-11-6-2017\/thumbs\/thumbs_DSC_0222-b.jpg\"\n               data-image-id=\"933\"\n               data-title=\"DSC_0222-b\"\n               data-description=\"\"\n               data-image-slug=\"dsc_0222-b\"\n               class=\"shutterset_1582\">\n                <img\n                    title=\"DSC_0222-b\"\n                    alt=\"DSC_0222-b\"\n                    src=\"https:\/\/skibeck.cz\/wp-content\/gallery\/cyklovikend-u-lakome-barky-9-11-6-2017\/thumbs\/thumbs_DSC_0222-b.jpg\"\n                    width=\"100\"\n                    height=\"75\"\n                    style=\"max-width:100%;\"\n                \/>\n            <\/a>\n        <\/div>\n\t\t\t\t\t\t\t<\/div> \n\t\t\t\n        \n\t\t\n\t\t<!-- Pagination -->\n\t<div class='ngg-clear'><\/div>\t<\/div>\n<\/p>\n<p>&nbsp;<\/p>\n","protected":false},"excerpt":{"rendered":"<p>Se\u0161li jsme se v po\u010dtu 14 osob: Beckovi, Vl\u00e1\u010fa Nevrkla s M\u00e1\u0165ou, Petr Tu\u010dek s Eli\u0161kou, Petr Janiska s kamar\u00e1dem Fandou, Martin a M\u00ed\u0161a Valentovi s mal\u00fdm Mart\u00ednkem, Roman s Eli\u0161kou a Jana Hor\u00e1lkova s dcerou a vnou\u010dkem. Bydleli jsme klasicky U Lakom\u00e9 Barky. Ze sobotn\u00edho celodenn\u00edho v\u00fdletu byl nejkr\u00e1sn\u011bj\u0161\u00ed za\u010d\u00e1tek &#8211; jeli jsme 7 [&hellip;]<\/p>\n","protected":false},"author":1,"featured_media":0,"comment_status":"closed","ping_status":"open","sticky":false,"template":"","format":"standard","meta":{"ngg_post_thumbnail":0},"categories":[4],"tags":[],"_links":{"self":[{"href":"https:\/\/skibeck.cz\/index.php?rest_route=\/wp\/v2\/posts\/1561"}],"collection":[{"href":"https:\/\/skibeck.cz\/index.php?rest_route=\/wp\/v2\/posts"}],"about":[{"href":"https:\/\/skibeck.cz\/index.php?rest_route=\/wp\/v2\/types\/post"}],"author":[{"embeddable":true,"href":"https:\/\/skibeck.cz\/index.php?rest_route=\/wp\/v2\/users\/1"}],"replies":[{"embeddable":true,"href":"https:\/\/skibeck.cz\/index.php?rest_route=%2Fwp%2Fv2%2Fcomments&post=1561"}],"version-history":[{"count":8,"href":"https:\/\/skibeck.cz\/index.php?rest_route=\/wp\/v2\/posts\/1561\/revisions"}],"predecessor-version":[{"id":1594,"href":"https:\/\/skibeck.cz\/index.php?rest_route=\/wp\/v2\/posts\/1561\/revisions\/1594"}],"wp:attachment":[{"href":"https:\/\/skibeck.cz\/index.php?rest_route=%2Fwp%2Fv2%2Fmedia&parent=1561"}],"wp:term":[{"taxonomy":"category","embeddable":true,"href":"https:\/\/skibeck.cz\/index.php?rest_route=%2Fwp%2Fv2%2Fcategories&post=1561"},{"taxonomy":"post_tag","embeddable":true,"href":"https:\/\/skibeck.cz\/index.php?rest_route=%2Fwp%2Fv2%2Ftags&post=1561"}],"curies":[{"name":"wp","href":"https:\/\/api.w.org\/{rel}","templated":true}]}}